{"id":2856,"date":"2022-09-07T16:45:01","date_gmt":"2022-09-07T15:45:01","guid":{"rendered":"https:\/\/www.mass-schneider-rhein-main.de\/?p=2856"},"modified":"2026-08-04T14:21:24","modified_gmt":"2026-08-04T13:21:24","slug":"anmeldung-kreativ-wettbewerb","status":"publish","type":"post","link":"https:\/\/www.mass-schneider-rhein-main.de\/?p=2856","title":{"rendered":"Ausschreibung Kreativ-Wettbewerb"},"content":{"rendered":"\n<h1 class=\"wp-block-heading has-text-align-center has-vivid-cyan-blue-color has-text-color has-link-color wp-elements-caaf47e05827096b74c725fd59df6d9f\">Utility Re:defined<\/h1>\n\n\n\n<h3 class=\"wp-block-heading has-text-align-center\">Style follows function<\/h3>\n\n\n\n<p class=\"wp-block-paragraph\">Wie sieht Utility Wear aus, wenn wir Funktion v\u00f6llig neu denken?<\/p>\n\n\n\n<p class=\"wp-block-paragraph\">Ausgangspunkt ist die klassische, <strong>von Arbeitskleidung inspirierte Mode<\/strong> \u2013 robust, funktional und vielseitig. Doch eure Entw\u00fcrfe sollen weitergehen: Interpretiert Utility (von engl. utility = N\u00fctzlichkeit) neu, \u00fcberraschend und zukunftsorientiert.<\/p>\n\n\n\n<p class=\"wp-block-paragraph\">Utility Wear zeichnet sich durch <strong>praktische Details<\/strong> wie Taschen, Gurte, Schnallen, modulare Elemente und mehrere Lagen aus. Robuste Materialien bilden die Grundlage, w\u00e4hrend Funktion und Tragekomfort im Mittelpunkt stehen. Gleichzeitig bietet das Thema viel Raum f\u00fcr kreative Weiterentwicklungen und innovative L\u00f6sungen.<\/p>\n\n\n\n<p class=\"wp-block-paragraph\">Stellt euch die Arbeitskleidung der Zukunft vor. Vielleicht im Jahr <strong>3027<\/strong> \u2013 in einer Welt, in der klassische Arbeit kaum noch existiert, Vielseitigkeit und Anpassungsf\u00e4higkeit von Kleidung jedoch wichtiger sind als je zuvor. Welche Funktionen \u00fcbernimmt Mode dann? Wie ver\u00e4ndert sich das Zusammenspiel von Nutzen, Komfort und \u00c4sthetik?<\/p>\n\n\n\n<p class=\"wp-block-paragraph\">Gesucht werden Looks, die Funktion und Stil miteinander verbinden und Utility Wear in einen neuen Kontext setzen. Ob minimalistisch oder experimentell, reduziert oder volumin\u00f6s \u2013 erlaubt ist alles, solange die Idee einer funktionalen Kleidung erkennbar bleibt.<\/p>\n\n\n\n<p class=\"wp-block-paragraph\">Lasst euch von klassischen Utility-Elementen inspirieren und entwickelt daraus eure eigene Vision. Nutzt Taschen, Gurte, Schnallen, Lagen, Volumen oder modulare Konstruktionen als gestalterische Mittel \u2013 oder definiert ihre Funktion v\u00f6llig neu.<\/p>\n\n\n\n<p class=\"wp-block-paragraph\">Zeigt uns eure Vorstellung von <strong>Utility Re:defined<\/strong> und gestaltet die funktionale Mode von morgen.<\/p>\n\n\n\n<h2 class=\"wp-block-heading\">Materialvorgaben:<\/h2>\n\n\n\n<p class=\"wp-block-paragraph\">Ihr bekommt von uns insgesamt <strong>4 Meter Baumwoll-Canvas<\/strong> zur Verf\u00fcgung gestellt. Das Material muss verwendet werden. Es d\u00fcrfen 30<strong>%<\/strong> (sichtbares) Fremdmaterial erg\u00e4nzt werden, z.B. andere Stoffe, Deko und Accessoires.<\/p>\n\n\n\n<h2 class=\"wp-block-heading\">Ablauf:<\/h2>\n\n\n\n<p class=\"wp-block-paragraph\"><strong>Anmeldeschluss\/Einreichung deines Entwurfs: 12.10.2026<\/strong><strong><\/strong><\/p>\n\n\n\n<p class=\"wp-block-paragraph\">Du reichst mit deiner Anmeldung ein Bild deines Entwurfs ein und w\u00e4hlst aus welche Stoffe du in welcher Menge nimmst. Es ist auch m\u00f6glich mehrere Farben zu kombinieren.<\/p>\n\n\n\n<p class=\"wp-block-paragraph\"><strong>Anmeldebest\u00e4tigung<\/strong><\/p>\n\n\n\n<p class=\"wp-block-paragraph\">Die zugelassenen Teilnehmer*innen werden von uns per Mail benachrichtigt.<\/p>\n\n\n\n<p class=\"wp-block-paragraph\">Gegen einen <strong>Beitrag von 25,00\u20ac <\/strong>bekommst du das Material von uns ausgeh\u00e4ndigt (Ort und Zeitpunkt erf\u00e4hrst du in der Anmeldebest\u00e4tigung).<\/p>\n\n\n\n<p class=\"wp-block-paragraph\"><strong>Jurylauf: 13.03.2027<\/strong><\/p>\n\n\n\n<p class=\"wp-block-paragraph\">Wir erwarten deine Pr\u00e4sentation vor der Jury im Haus der Ma\u00dfschneider-Innung, Bleichstra\u00dfe 38a, 60313 Frankfurt am Main, 5. Stock.<\/p>\n\n\n\n<p class=\"wp-block-paragraph\">Du kannst entweder vormittags oder nachmittags pr\u00e4sentieren, bei der Stoffabholung kannst du dich f\u00fcr einen Zeitslot eintragen.<\/p>\n\n\n\n<p class=\"wp-block-paragraph\"><strong>Bitte beachte, dass deine p\u00fcnktliche Anwesenheit (bzw. die deines Modells) am Jurylauf und an der Gala zwingend erforderlich ist um gewinnen zu k\u00f6nnen.<\/strong><strong><\/strong><\/p>\n\n\n\n<h2 class=\"wp-block-heading\">GALA: 24.04.2027<\/h2>\n\n\n\n<p class=\"wp-block-paragraph\">Saalbau Bornheim,Arnsburger Str. 24, 60385 FFM<\/p>\n\n\n\n<p class=\"wp-block-paragraph\"><em>14:00 Uhr: GENERALPROBE<\/em><\/p>\n\n\n\n<p class=\"wp-block-paragraph\">Seid unbedingt p\u00fcnktlich! Wir erkl\u00e4ren euch den Ablauf und \u00fcben die Show mit euch. Es gibt gen\u00fcgend Zeit euch umzuziehen und zu schminken. Wir bereiten ein Buffet f\u00fcr euch vor und sorgen f\u00fcr Getr\u00e4nke.<\/p>\n\n\n\n<p class=\"wp-block-paragraph\"><em>20:00 Uhr: Gala<\/em><em><\/em><\/p>\n\n\n\n<p class=\"wp-block-paragraph\">Hier pr\u00e4sentiert ihr euer Outfit endlich auf der B\u00fchne vor gro\u00dfem Publikum.<\/p>\n\n\n\n<p class=\"wp-block-paragraph\">Und dann erfahrt ihr auch, wer die Sieger sind.<\/p>\n\n\n\n<h2 class=\"wp-block-heading\">Die Preise:<\/h2>\n\n\n\n<p class=\"wp-block-paragraph\">1. Preis: 500,00\u20ac, ein Stoffcoupon und ein Seminargutschein beim Schnittinstitut Gabriel<\/p>\n\n\n\n<p class=\"wp-block-paragraph\">2. Preis: 400,00 \u20ac plus ein Stoffcoupon<\/p>\n\n\n\n<p class=\"wp-block-paragraph\">3. Preis: 300,00 \u20ac\u00a0 plus ein Stoffcoupon<\/p>\n\n\n\n<p class=\"wp-block-paragraph\">4. Preis: 200,00 \u20ac plus ein Stoffcoupon<\/p>\n\n\n\n<p class=\"wp-block-paragraph\">5. \u2013 7. Preis: 100,00 \u20ac\u00a0 plus ein Jahresabonnement der Fachzeitschrift \u201eSchneider Rundschau\u201c<\/p>\n\n\n\n<p class=\"wp-block-paragraph\">Die&nbsp;Stoffcoupons werden gesponsert von Scabal oder Tuch&amp;Stoff.<\/p>\n\n\n\n<h2 class=\"wp-block-heading\">Anmeldung<\/h2>\n\n\n\n<div class=\"wp-block-contact-form-7-contact-form-selector\">\n<div class=\"wpcf7 no-js\" id=\"wpcf7-f3495-o1\" lang=\"de-DE\" dir=\"ltr\" data-wpcf7-id=\"3495\">\n<div class=\"screen-reader-response\"><p role=\"status\" aria-live=\"polite\" aria-atomic=\"true\"><\/p> <ul><\/ul><\/div>\n<form action=\"\/index.php?rest_route=%2Fwp%2Fv2%2Fposts%2F2856#wpcf7-f3495-o1\" method=\"post\" class=\"wpcf7-form init\" aria-label=\"Kontaktformular\" enctype=\"multipart\/form-data\" novalidate=\"novalidate\" data-status=\"init\">\n<fieldset class=\"hidden-fields-container\"><input type=\"hidden\" name=\"_wpcf7\" value=\"3495\" \/><input type=\"hidden\" name=\"_wpcf7_version\" value=\"6.1.6\" \/><input type=\"hidden\" name=\"_wpcf7_locale\" value=\"de_DE\" \/><input type=\"hidden\" name=\"_wpcf7_unit_tag\" value=\"wpcf7-f3495-o1\" \/><input type=\"hidden\" name=\"_wpcf7_container_post\" value=\"0\" \/><input type=\"hidden\" name=\"_wpcf7_posted_data_hash\" value=\"\" \/>\n<\/fieldset>\n<p><label> Vorname<br \/>\n<span class=\"wpcf7-form-control-wrap\" data-name=\"vorname\"><input size=\"40\" maxlength=\"400\" class=\"wpcf7-form-control wpcf7-text wpcf7-validates-as-required\" aria-required=\"true\" aria-invalid=\"false\" value=\"\" type=\"text\" name=\"vorname\" \/><\/span> <\/label>\n<\/p>\n<p><label> Nachname<br \/>\n<span class=\"wpcf7-form-control-wrap\" data-name=\"nachname\"><input size=\"40\" maxlength=\"400\" class=\"wpcf7-form-control wpcf7-text wpcf7-validates-as-required\" aria-required=\"true\" aria-invalid=\"false\" value=\"\" type=\"text\" name=\"nachname\" \/><\/span> <\/label>\n<\/p>\n<p><label> Stra\u00dfe\/Hausnummer<br \/>\n<span class=\"wpcf7-form-control-wrap\" data-name=\"street\"><input size=\"40\" maxlength=\"400\" class=\"wpcf7-form-control wpcf7-text wpcf7-validates-as-required\" aria-required=\"true\" aria-invalid=\"false\" value=\"\" type=\"text\" name=\"street\" \/><\/span> <\/label>\n<\/p>\n<p><label> PLZ + Ort<br \/>\n<span class=\"wpcf7-form-control-wrap\" data-name=\"city\"><input size=\"40\" maxlength=\"400\" class=\"wpcf7-form-control wpcf7-text wpcf7-validates-as-required\" aria-required=\"true\" aria-invalid=\"false\" value=\"\" type=\"text\" name=\"city\" \/><\/span> <\/label>\n<\/p>\n<p><label> Telefon<br \/>\n<span class=\"wpcf7-form-control-wrap\" data-name=\"phone\"><input size=\"40\" maxlength=\"400\" class=\"wpcf7-form-control wpcf7-text wpcf7-validates-as-required\" aria-required=\"true\" aria-invalid=\"false\" value=\"\" type=\"text\" name=\"phone\" \/><\/span> <\/label>\n<\/p>\n<p><label> E-Mail<br \/>\n<span class=\"wpcf7-form-control-wrap\" data-name=\"mail\"><input size=\"40\" maxlength=\"400\" class=\"wpcf7-form-control wpcf7-text wpcf7-validates-as-required\" aria-required=\"true\" aria-invalid=\"false\" value=\"\" type=\"text\" name=\"mail\" \/><\/span> <\/label>\n<\/p>\n<p><label> Ausbildungsst\u00e4tte<br \/>\n<span class=\"wpcf7-form-control-wrap\" data-name=\"ausbildungsstaette\"><input size=\"40\" maxlength=\"400\" class=\"wpcf7-form-control wpcf7-text wpcf7-validates-as-required\" aria-required=\"true\" aria-invalid=\"false\" value=\"\" type=\"text\" name=\"ausbildungsstaette\" \/><\/span><br \/>\n<\/label>\n<\/p>\n<p><label> Anschrift der Ausbildungsst\u00e4tte<br \/>\n<span class=\"wpcf7-form-control-wrap\" data-name=\"ausbildungsbetrieb_address\"><input size=\"40\" maxlength=\"400\" class=\"wpcf7-form-control wpcf7-text wpcf7-validates-as-required\" aria-required=\"true\" aria-invalid=\"false\" value=\"\" type=\"text\" name=\"ausbildungsbetrieb_address\" \/><\/span><br \/>\n<\/label>\n<\/p>\n<p><label> Ausbildungsjahr<br \/>\n<span class=\"wpcf7-form-control-wrap\" data-name=\"ausbildungsjahr\"><input size=\"40\" maxlength=\"400\" class=\"wpcf7-form-control wpcf7-text wpcf7-validates-as-required\" aria-required=\"true\" aria-invalid=\"false\" value=\"\" type=\"text\" name=\"ausbildungsjahr\" \/><\/span><br \/>\n<\/label>\n<\/p>\n<p><label> Ich m\u00f6chte im Team arbeiten mit (Vor- u. Nachname, Lehrjahr und Betrieb falls abweichend)<br \/>\n<span class=\"wpcf7-form-control-wrap\" data-name=\"Team\"><input size=\"40\" maxlength=\"400\" class=\"wpcf7-form-control wpcf7-text\" aria-invalid=\"false\" value=\"\" type=\"text\" name=\"Team\" \/><\/span><br \/>\n<\/label>\n<\/p>\n<fieldset>\n\t<legend> <b>Material Canvas (100%Baumwolle, Breite ca. 145cm)<\/b>\n\t<\/legend>\n\t<p><label> Beige <span class=\"wpcf7-form-control-wrap\" data-name=\"Beige\"><input size=\"40\" maxlength=\"400\" class=\"wpcf7-form-control wpcf7-text\" aria-invalid=\"false\" value=\"\" type=\"text\" name=\"Beige\" \/><\/span><\/label><br \/>\n<label> Orange <span class=\"wpcf7-form-control-wrap\" data-name=\"Orange\"><input size=\"40\" maxlength=\"400\" class=\"wpcf7-form-control wpcf7-text\" aria-invalid=\"false\" value=\"\" type=\"text\" name=\"Orange\" \/><\/span><\/label><br \/>\n<label> Gelb <span class=\"wpcf7-form-control-wrap\" data-name=\"Gelb\"><input size=\"40\" maxlength=\"400\" class=\"wpcf7-form-control wpcf7-text\" aria-invalid=\"false\" value=\"\" type=\"text\" name=\"Gelb\" \/><\/span><\/label><br \/>\n<label> Dunkelolive <span class=\"wpcf7-form-control-wrap\" data-name=\"olive\"><input size=\"40\" maxlength=\"400\" class=\"wpcf7-form-control wpcf7-text\" aria-invalid=\"false\" value=\"\" type=\"text\" name=\"olive\" \/><\/span><\/label><br \/>\n<label> Royalblau <span class=\"wpcf7-form-control-wrap\" data-name=\"blau\"><input size=\"40\" maxlength=\"400\" class=\"wpcf7-form-control wpcf7-text\" aria-invalid=\"false\" value=\"\" type=\"text\" name=\"blau\" \/><\/span><\/label><br \/>\n<label> Grau <span class=\"wpcf7-form-control-wrap\" data-name=\"grau\"><input size=\"40\" maxlength=\"400\" class=\"wpcf7-form-control wpcf7-text\" aria-invalid=\"false\" value=\"\" type=\"text\" name=\"grau\" \/><\/span><\/label>\n\t<\/p>\n<\/fieldset>\n<p><label> Zeichnung (.jpg, .jpeg oder .png, max. 25MB)<br \/>\n<span class=\"wpcf7-form-control-wrap\" data-name=\"zeichnung\"><input size=\"40\" class=\"wpcf7-form-control wpcf7-file wpcf7-validates-as-required\" accept=\".jpg,.jpeg,.png\" aria-required=\"true\" aria-invalid=\"false\" type=\"file\" name=\"zeichnung\" \/><\/span><br \/>\n<\/label>\n<\/p>\n<p><span class=\"wpcf7-form-control-wrap\" data-name=\"agb\"><span class=\"wpcf7-form-control wpcf7-checkbox wpcf7-validates-as-required\"><span class=\"wpcf7-list-item first last\"><label><input type=\"checkbox\" name=\"agb[]\" value=\"Mir\/uns ist bekannt, dass bei dieser Veranstaltung Fotos und Videos zur Darstellung in Presse und Internet gemacht werden. Ich\/wir sind\/bin damit einverstanden, dass Fotos und Videos, auf welchen ich\/wir zu sehen sind, zum Zweck der \u00d6ffentlichkeitsarbeit durch den Veranstalter verwendet werden. Die Verarbeitung der pers\u00f6nlichen Daten erfolgt im Rahmen der Europ\u00e4ischen Datenschutzverordnung.\" \/><span class=\"wpcf7-list-item-label\">Mir\/uns ist bekannt, dass bei dieser Veranstaltung Fotos und Videos zur Darstellung in Presse und Internet gemacht werden. Ich\/wir sind\/bin damit einverstanden, dass Fotos und Videos, auf welchen ich\/wir zu sehen sind, zum Zweck der \u00d6ffentlichkeitsarbeit durch den Veranstalter verwendet werden. Die Verarbeitung der pers\u00f6nlichen Daten erfolgt im Rahmen der Europ\u00e4ischen Datenschutzverordnung.<\/span><\/label><\/span><\/span><\/span>\n<\/p>\n<p><input class=\"wpcf7-form-control wpcf7-submit has-spinner\" type=\"submit\" value=\"Jetzt anmelden\" \/>\n<\/p><div class=\"wpcf7-response-output\" aria-hidden=\"true\"><\/div>\n<\/form>\n<\/div>\n<\/div>\n\n\n\n<p class=\"wp-block-paragraph\"><\/p>\n","protected":false},"excerpt":{"rendered":"<p>Utility Re:defined Style follows function Wie sieht Utility Wear aus, wenn wir Funktion v\u00f6llig neu denken? Ausgangspunkt ist die klassische, von Arbeitskleidung inspirierte Mode \u2013 robust, funktional und vielseitig. Doch eure Entw\u00fcrfe sollen weitergehen: Interpretiert Utility (von engl. utility = N\u00fctzlichkeit) neu, \u00fcberraschend und zukunftsorientiert. Utility Wear zeichnet sich durch praktische Details wie Taschen, Gurte, [&hellip;]<\/p>\n","protected":false},"author":1,"featured_media":0,"comment_status":"closed","ping_status":"closed","sticky":false,"template":"","format":"standard","meta":{"ngg_post_thumbnail":0,"footnotes":""},"categories":[70,71],"tags":[54,53],"class_list":["post-2856","post","type-post","status-publish","format-standard","hentry","category-kreativ-wettbewerb","category-kreativ-wettbewerb-2","tag-kreativ-wettbewerb","tag-modegala"],"_links":{"self":[{"href":"https:\/\/www.mass-schneider-rhein-main.de\/index.php?rest_route=\/wp\/v2\/posts\/2856","targetHints":{"allow":["GET"]}}],"collection":[{"href":"https:\/\/www.mass-schneider-rhein-main.de\/index.php?rest_route=\/wp\/v2\/posts"}],"about":[{"href":"https:\/\/www.mass-schneider-rhein-main.de\/index.php?rest_route=\/wp\/v2\/types\/post"}],"author":[{"embeddable":true,"href":"https:\/\/www.mass-schneider-rhein-main.de\/index.php?rest_route=\/wp\/v2\/users\/1"}],"replies":[{"embeddable":true,"href":"https:\/\/www.mass-schneider-rhein-main.de\/index.php?rest_route=%2Fwp%2Fv2%2Fcomments&post=2856"}],"version-history":[{"count":38,"href":"https:\/\/www.mass-schneider-rhein-main.de\/index.php?rest_route=\/wp\/v2\/posts\/2856\/revisions"}],"predecessor-version":[{"id":3500,"href":"https:\/\/www.mass-schneider-rhein-main.de\/index.php?rest_route=\/wp\/v2\/posts\/2856\/revisions\/3500"}],"wp:attachment":[{"href":"https:\/\/www.mass-schneider-rhein-main.de\/index.php?rest_route=%2Fwp%2Fv2%2Fmedia&parent=2856"}],"wp:term":[{"taxonomy":"category","embeddable":true,"href":"https:\/\/www.mass-schneider-rhein-main.de\/index.php?rest_route=%2Fwp%2Fv2%2Fcategories&post=2856"},{"taxonomy":"post_tag","embeddable":true,"href":"https:\/\/www.mass-schneider-rhein-main.de\/index.php?rest_route=%2Fwp%2Fv2%2Ftags&post=2856"}],"curies":[{"name":"wp","href":"https:\/\/api.w.org\/{rel}","templated":true}]}}